{"id":10813,"date":"2022-05-12T22:20:28","date_gmt":"2022-05-12T20:20:28","guid":{"rendered":"https:\/\/www.detolskeorkester.dk\/zucker\/"},"modified":"2023-01-18T20:40:50","modified_gmt":"2023-01-18T19:40:50","slug":"zucker","status":"publish","type":"post","link":"https:\/\/www.detolskeorkester.dk\/de\/zucker\/","title":{"rendered":"ZUCKER"},"content":{"rendered":"<div class=\"wpb-content-wrapper\"><p>[vc_row][vc_column][vc_single_image image=&#8220;8716&#8243; img_size=&#8220;full&#8220; alignment=&#8220;center&#8220; image_hovers=&#8220;false&#8220;][vc_empty_space][\/vc_column][\/vc_row][vc_row][vc_column width=&#8220;2\/3&#8243;][vc_column_text]<\/p>\n<h4> <\/h4>\n<h4> <\/h4>\n<h2>ZUCKER<\/h2>\n<h4>Der erste Teil der Trilogie: \u201eDer Selbsthass einer Nation \u2013 D\u00e4nemark zwischen Scham und Selbst\u00fcbersch\u00e4tzung\u201c \u2013 \u00fcber das Selbstverst\u00e4ndnis der D\u00e4nen in den letzten 300 Jahren und wie es unser Verh\u00e4ltnis zur Au\u00dfenwelt gepr\u00e4gt hat.<\/h4>\n<h4> <\/h4>\n<p>&nbsp;<\/p>\n<p><!-- \/wp:post-content --><\/p>\n<p><!-- wp:paragraph --><strong>SUGAR<\/strong> beginnt seine Erz\u00e4hlung im 18. Jahrhundert. Die D\u00e4nen haben die Welt bereist; neugierig, sehns\u00fcchtig und verf\u00fchrt vom Fremden, aber auch gierig nach Reichtum. Der Sklavenkapit\u00e4n, der Priester, der Buchhalter, der Arzt, der Plantagenbesitzer und der arme Schiffsjunge halten Einzug an den fremden Ufern. Seit Hunderten von Jahren flie\u00dft der Zucker aus den Sklavenkolonien Westindiens nach Kopenhagen und hinterl\u00e4sst seine Spuren. 1878, 30 Jahre nach der Abschaffung der Sklaverei, kulminierten Hunger und Armut in D\u00e4nemarks gr\u00f6\u00dftem Arbeiteraufstand \u201eFeuerbrand\u201c am St. Kreuz.<\/p>\n<p>\u00dcber 200 schwarze Arbeiter werden get\u00f6tet. Der Aufstand ist seitdem aus der d\u00e4nischen Geschichtsschreibung verschwunden. Vergessen oder verdr\u00e4ngt?<\/p>\n<p>&nbsp;<\/p>\n<p><!-- \/wp:paragraph --><\/p>\n<p><!-- wp:paragraph --><strong>SUGAR entwirft<\/strong> ein kritisches Bild von D\u00e4nemarks Selbstverst\u00e4ndnis als Sklavennation durch eine dramatische Geschichte in einer poetischen und k\u00f6rperlich ausdrucksstarken Sprache, die von einer Gruppe von sechs Schauspielern und T\u00e4nzern aufgef\u00fchrt wird. Lichtprojektionen historischer Landkarten und schwimmender Ozeane f\u00fcllen den Raum, Haydens klassische Musik mischt sich mit afro-karibischen Rhythmen und schickt uns auf die Dreiecksroute: D\u00e4nemark \u2013 Afrika \u2013 Westindien. Eines der schw\u00e4rzesten Kapitel der d\u00e4nischen Geschichte\u2026.<\/p>\n<p><!-- \/wp:paragraph --><br \/>Von 2017 bis 2020 wird das Olske Orkester die Trilogie \u201eDer Selbsthass einer Nation \u2013 D\u00e4nemark zwischen Scham und Selbst\u00fcbersch\u00e4tzung\u201c \u00fcber das Selbstverst\u00e4ndnis der D\u00e4nen in den letzten 300 Jahren schaffen. In der Trilogie untersuchen wir die Bewegungen nationaler Selbstverst\u00e4ndigung vom 18. Jahrhundert bis heute. Im ersten Teil \u2013 SUGAR \u2013 finden wir uns im 18. Jahrhundert wieder, mit Kolonien in fernen Kontinenten, dem Sklavenhandel und einer nach au\u00dfen gerichteten Neugier auf die Welt, die auf ein Imperium mit dem autokratischen K\u00f6nig als Anker hoffen l\u00e4sst. Von hier aus geht es in Richtung des zweiten Teils der Trilogie, SALT, und der nach innen gerichteten nationalen Aufr\u00fcstung des 19. Jahrhunderts unter dem Motto \u201ewas nach au\u00dfen verloren geht, muss nach innen gewonnen werden\u201c. Das Verst\u00e4ndnis von Nationalit\u00e4t aus dem 19. Jahrhundert wird heute von vielen als v\u00f6llig selbstverst\u00e4ndlich empfunden, aber wir wollen es als komplizierte Konstruktion untersuchen, die es wirklich ist. Eine Konstruktion, die Herausforderungen darstellt, wenn ausl\u00e4ndische Banken vor D\u00e4nemarks T\u00fcr stehen. Damit besch\u00e4ftigen wir uns im dritten Teil der Trilogie \u201eWer klopft da an?\u201c.<br \/>Mit dieser Trilogie wollen wir uns als Theater in die Debatte \u00fcber das Verst\u00e4ndnis von D\u00e4nemarks Identit\u00e4t einbringen, von unserer imperialistischen Vergangenheit bis in die Gegenwart, in Bezug auf D\u00e4nemarks Umgang mit Neuank\u00f6mmlingen und unsere Rolle als kriegf\u00fchrende Nation in die Welt.<\/p>\n<p>Wir tun dies, weil wir der Meinung sind, dass die Zeit mit ihren politischen Radikalisierungen eine kritische Auseinandersetzung mit dem d\u00e4nischen nationalen Selbstverst\u00e4ndnis und den daraus resultierenden enormen Schwankungen zwischen Narzissmus und Selbsthass erfordert. Einerseits bevorzugen wir blind unsere eigene westliche Welt und andererseits sch\u00e4men wir uns, dass zwischen unserem guten Willen und unserem eine Kluft klafft.<\/p>\n<p>eigene Ohnmacht, wenn eine brennende Welt anklopft.<\/p>\n<p>Ausgehend von komplexen und paradoxen menschlichen Geschichten wollen wir mit der Trilogie ein k\u00fcnstlerisches Angebot daf\u00fcr machen.<\/p>\n<p>[\/vc_column_text][\/vc_column][vc_column width=&#8220;1\/3&#8243;][vc_video link=&#8220;https:\/\/vimeo.com\/260149262&#8243; align=&#8220;right&#8220;][vc_empty_space][vc_single_image image=&#8220;8455&#8243; img_size=&#8220;full&#8220;][vc_empty_space][vc_single_image image=&#8220;8026&#8243; img_size=&#8220;full&#8220;][vc_empty_space][\/vc_column][\/vc_row][vc_row][vc_column][vc_separator][vc_empty_space height=&#8220;50px&#8220;][\/vc_column][\/vc_row][vc_row type=&#8220;vc_default&#8220; css=&#8220;.vc_custom_1537803172459{background-color: #efefef !important;}&#8220;][vc_column width=&#8220;1\/3&#8243;][vc_column_text]<span class=\"bold\"><strong>Konzept<\/strong><\/span><br \/> Das Olske-Orchester<\/p>\n<p><strong>Gie\u00dfen<\/strong><br \/>Angelina Watson, Ditte Laumann, Mireia Serra, Sofie Ebbesen Nielsen,<br \/>Morten Klode, \u00d8yvind Kirchhoff<\/p>\n<p><strong>Dramatiker und Regisseur<\/strong><br \/>Lotte Farup<\/p>\n<p><strong>Lichtdesigner und B\u00fchnenbildner<\/strong><br \/>Jeppe Lawaetz<\/p>\n<p><strong>Werkstatt<\/strong><br \/>Jon Geling<\/p>\n<p><strong>Kost\u00fcmdesigner und<\/strong> <strong>Szenografieberater<\/strong><br \/>Signe Beckmann[\/vc_column_text][\/vc_column][vc_column width=&#8220;1\/3&#8243;][vc_column_text]<span class=\"bold\"><strong>Kost\u00fcme<\/strong><\/span><br \/> Bente Nielsen<\/p>\n<p><strong>Blitz Design<\/strong><br \/>Jonas J\u00f6rgensen<\/p>\n<p><strong>Techniker<\/strong><br \/>James Kj\u00f8lsen<\/p>\n<p><strong>Projektmanagement und PR<\/strong><br \/>Charlotte Rindom<\/p>\n<p><strong>Kommunikationsmitarbeiter und Marketing<\/strong><br \/>L\u00e6rke Mejlgaard<\/p>\n<p><span class=\"txt4\"><strong>Die Arbeit wird unterst\u00fctzt von:<\/strong><br \/>Statens Kunstfonds Project Support Committee for Performing Arts,<br \/>Bikubenfonden,<br \/>D\u00e4nischer Schauspielerverband,<br \/>Der Verband der d\u00e4nischen B\u00fchnenregisseure, Knud H\u00f8jgaard Foundation<br \/>Konsul Georg Jorck und Ehefrau Emma Jorcks Fond<\/span>[\/vc_column_text][\/vc_column][vc_column width=&#8220;1\/3&#8243;][vc_column_text]<\/p>\n<p><strong><span class=\"bold\"><a class=\"txt1\" href=\"https:\/\/www.detolskeorkester.dk\/SUKKER%20undervisningsmateriale.pdf\">Unterrichtsmaterialien herunterladen<\/a><\/span><\/strong><\/p>\n<p><a href=\"https:\/\/www.detolskeorkester.dk\/wp-content\/uploads\/2019\/06\/PRESSEMEDDELELSE.pdf\"><strong>Pressemitteilung herunterladen<\/strong><\/a><\/p>\n<p><a href=\"https:\/\/www.detolskeorkester.dk\/wp-content\/uploads\/2019\/06\/Kunstens-kreative-processer-2.pdf\"><strong>Workshopbeschreibung herunterladen<\/strong><\/a><\/p>\n<p><strong><a href=\"https:\/\/www.detolskeorkester.dk\/wp-content\/uploads\/2019\/06\/Anmeldelse-Frederiksborg-Amtsavis-1.pdf\" target=\"_blank\" rel=\"noopener noreferrer\">Rezension herunterladen<\/a><\/strong><\/p>\n<p><strong>Tourzeitraum<\/strong><br \/>29.10. &#8211; 14.11. 2018<\/p>\n<p><strong>Preis<\/strong><br \/>27.000 kr.<br \/>Es gibt ein Garantieprogramm und einen R\u00fcckerstattungszuschuss<\/p>\n<p><strong>Preis f\u00fcr Schulauff\u00fchrungen<\/strong><br \/>15.000 kr. \/ max. 110 Zuschauer<\/p>\n<p><strong>Dauer<\/strong><br \/>ca. 90 Minuten<\/p>\n<p><strong>Die Ziele des Veranstaltungsortes inkl. Publikum<\/strong><br \/>Mine. 10 m breit, 16 m lang<br \/>und 4 m freie Deckenh\u00f6he (in 8 m Breite)<\/p>\n<p><strong>Leistung<\/strong><br \/>380 V, 3 x 16 A und Stecker mit 220 V<\/p>\n<p>[\/vc_column_text][\/vc_column][\/vc_row]<\/p>\n<\/div>","protected":false},"excerpt":{"rendered":"<p>[vc_row][vc_column][vc_single_image image=&#8220;8716&#8243; img_size=&#8220;full&#8220; alignment=&#8220;center&#8220; image_hovers=&#8220;false&#8220;][vc_empty_space][\/vc_column][\/vc_row][vc_row][vc_column width=&#8220;2\/3&#8243;][vc_column_text] ZUCKER Der erste Teil der Trilogie: \u201eDer Selbsthass einer Nation \u2013 D\u00e4nemark zwischen Scham und Selbst\u00fcbersch\u00e4tzung\u201c \u2013 \u00fcber das Selbstverst\u00e4ndnis der D\u00e4nen in den&hellip;<\/p>\n","protected":false},"author":6,"featured_media":10625,"comment_status":"closed","ping_status":"closed","sticky":false,"template":"","format":"standard","meta":{"footnotes":""},"categories":[89],"tags":[126],"class_list":["post-10813","post","type-post","status-publish","format-standard","has-post-thumbnail","hentry","category-die-trilogie-der-selbsthass-einer-nation","tag-3-de","category-89","description-off"],"yoast_head":"<!-- This site is optimized with the Yoast SEO plugin v27.5 - https:\/\/yoast.com\/product\/yoast-seo-wordpress\/ -->\n<title>ZUCKER - Det Olske Orkester<\/title>\n<meta name=\"description\" content=\"SUGAR entwirft ein kritisches Bild von D\u00e4nemarks Selbstverst\u00e4ndnis als Sklavennation durch eine dramatische Geschichte in einer poetischen und k\u00f6rperlich ausdrucksstarken Sprache, die von einer Gruppe von sechs Schauspielern und T\u00e4nzern aufgef\u00fchrt wird. Der erste Teil der Trilogie: \u201eDer Selbsthass einer Nation \u2013 D\u00e4nemark zwischen Scham und Selbst\u00fcbersch\u00e4tzung\u201c \u2013 \u00fcber das Selbstverst\u00e4ndnis der D\u00e4nen in den letzten 300 Jahren und wie es unser Verh\u00e4ltnis zur Au\u00dfenwelt gepr\u00e4gt hat.\" \/>\n<meta name=\"robots\" content=\"index, follow, max-snippet:-1, max-image-preview:large, max-video-preview:-1\" \/>\n<link rel=\"canonical\" href=\"https:\/\/www.detolskeorkester.dk\/de\/zucker\/\" \/>\n<meta property=\"og:locale\" content=\"de_DE\" \/>\n<meta property=\"og:type\" content=\"article\" \/>\n<meta property=\"og:title\" content=\"ZUCKER - Det Olske Orkester\" \/>\n<meta property=\"og:description\" content=\"SUGAR entwirft ein kritisches Bild von D\u00e4nemarks Selbstverst\u00e4ndnis als Sklavennation durch eine dramatische Geschichte in einer poetischen und k\u00f6rperlich ausdrucksstarken Sprache, die von einer Gruppe von sechs Schauspielern und T\u00e4nzern aufgef\u00fchrt wird. Der erste Teil der Trilogie: \u201eDer Selbsthass einer Nation \u2013 D\u00e4nemark zwischen Scham und Selbst\u00fcbersch\u00e4tzung\u201c \u2013 \u00fcber das Selbstverst\u00e4ndnis der D\u00e4nen in den letzten 300 Jahren und wie es unser Verh\u00e4ltnis zur Au\u00dfenwelt gepr\u00e4gt hat.\" \/>\n<meta property=\"og:url\" content=\"https:\/\/www.detolskeorkester.dk\/de\/zucker\/\" \/>\n<meta property=\"og:site_name\" content=\"Det Olske Orkester\" \/>\n<meta property=\"article:publisher\" content=\"https:\/\/www.facebook.com\/detolskeorkester\" \/>\n<meta property=\"article:published_time\" content=\"2022-05-12T20:20:28+00:00\" \/>\n<meta property=\"article:modified_time\" content=\"2023-01-18T19:40:50+00:00\" \/>\n<meta property=\"og:image\" content=\"https:\/\/www.detolskeorkester.dk\/wp-content\/uploads\/2019\/09\/ccc-513x1024.jpg\" \/>\n\t<meta property=\"og:image:width\" content=\"513\" \/>\n\t<meta property=\"og:image:height\" content=\"1024\" \/>\n\t<meta property=\"og:image:type\" content=\"image\/jpeg\" \/>\n<meta name=\"author\" content=\"kirchhoff\" \/>\n<meta name=\"twitter:card\" content=\"summary_large_image\" \/>\n<meta name=\"twitter:label1\" content=\"Verfasst von\" \/>\n\t<meta name=\"twitter:data1\" content=\"kirchhoff\" \/>\n\t<meta name=\"twitter:label2\" content=\"Gesch\u00e4tzte Lesezeit\" \/>\n\t<meta name=\"twitter:data2\" content=\"4 Minuten\" \/>\n<script type=\"application\/ld+json\" class=\"yoast-schema-graph\">{\"@context\":\"https:\\\/\\\/schema.org\",\"@graph\":[{\"@type\":\"Article\",\"@id\":\"https:\\\/\\\/www.detolskeorkester.dk\\\/de\\\/zucker\\\/#article\",\"isPartOf\":{\"@id\":\"https:\\\/\\\/www.detolskeorkester.dk\\\/de\\\/zucker\\\/\"},\"author\":{\"name\":\"kirchhoff\",\"@id\":\"https:\\\/\\\/www.detolskeorkester.dk\\\/de\\\/#\\\/schema\\\/person\\\/c000df2b343d49dcc7159f464d76263e\"},\"headline\":\"ZUCKER\",\"datePublished\":\"2022-05-12T20:20:28+00:00\",\"dateModified\":\"2023-01-18T19:40:50+00:00\",\"mainEntityOfPage\":{\"@id\":\"https:\\\/\\\/www.detolskeorkester.dk\\\/de\\\/zucker\\\/\"},\"wordCount\":833,\"publisher\":{\"@id\":\"https:\\\/\\\/www.detolskeorkester.dk\\\/de\\\/#organization\"},\"image\":{\"@id\":\"https:\\\/\\\/www.detolskeorkester.dk\\\/de\\\/zucker\\\/#primaryimage\"},\"thumbnailUrl\":\"https:\\\/\\\/www.detolskeorkester.dk\\\/wp-content\\\/uploads\\\/2019\\\/09\\\/ccc.jpg\",\"keywords\":[\"3\"],\"articleSection\":[\"Die Trilogie Der Selbsthass einer Nation\"],\"inLanguage\":\"de-DE\"},{\"@type\":\"WebPage\",\"@id\":\"https:\\\/\\\/www.detolskeorkester.dk\\\/de\\\/zucker\\\/\",\"url\":\"https:\\\/\\\/www.detolskeorkester.dk\\\/de\\\/zucker\\\/\",\"name\":\"ZUCKER - Det Olske Orkester\",\"isPartOf\":{\"@id\":\"https:\\\/\\\/www.detolskeorkester.dk\\\/de\\\/#website\"},\"primaryImageOfPage\":{\"@id\":\"https:\\\/\\\/www.detolskeorkester.dk\\\/de\\\/zucker\\\/#primaryimage\"},\"image\":{\"@id\":\"https:\\\/\\\/www.detolskeorkester.dk\\\/de\\\/zucker\\\/#primaryimage\"},\"thumbnailUrl\":\"https:\\\/\\\/www.detolskeorkester.dk\\\/wp-content\\\/uploads\\\/2019\\\/09\\\/ccc.jpg\",\"datePublished\":\"2022-05-12T20:20:28+00:00\",\"dateModified\":\"2023-01-18T19:40:50+00:00\",\"description\":\"SUGAR entwirft ein kritisches Bild von D\u00e4nemarks Selbstverst\u00e4ndnis als Sklavennation durch eine dramatische Geschichte in einer poetischen und k\u00f6rperlich ausdrucksstarken Sprache, die von einer Gruppe von sechs Schauspielern und T\u00e4nzern aufgef\u00fchrt wird. Der erste Teil der Trilogie: \u201eDer Selbsthass einer Nation \u2013 D\u00e4nemark zwischen Scham und Selbst\u00fcbersch\u00e4tzung\u201c \u2013 \u00fcber das Selbstverst\u00e4ndnis der D\u00e4nen in den letzten 300 Jahren und wie es unser Verh\u00e4ltnis zur Au\u00dfenwelt gepr\u00e4gt hat.\",\"breadcrumb\":{\"@id\":\"https:\\\/\\\/www.detolskeorkester.dk\\\/de\\\/zucker\\\/#breadcrumb\"},\"inLanguage\":\"de-DE\",\"potentialAction\":[{\"@type\":\"ReadAction\",\"target\":[\"https:\\\/\\\/www.detolskeorkester.dk\\\/de\\\/zucker\\\/\"]}]},{\"@type\":\"ImageObject\",\"inLanguage\":\"de-DE\",\"@id\":\"https:\\\/\\\/www.detolskeorkester.dk\\\/de\\\/zucker\\\/#primaryimage\",\"url\":\"https:\\\/\\\/www.detolskeorkester.dk\\\/wp-content\\\/uploads\\\/2019\\\/09\\\/ccc.jpg\",\"contentUrl\":\"https:\\\/\\\/www.detolskeorkester.dk\\\/wp-content\\\/uploads\\\/2019\\\/09\\\/ccc.jpg\",\"width\":1184,\"height\":2365},{\"@type\":\"BreadcrumbList\",\"@id\":\"https:\\\/\\\/www.detolskeorkester.dk\\\/de\\\/zucker\\\/#breadcrumb\",\"itemListElement\":[{\"@type\":\"ListItem\",\"position\":1,\"name\":\"Hjem\",\"item\":\"https:\\\/\\\/www.detolskeorkester.dk\\\/de\\\/herzlich-willkommen\\\/\"},{\"@type\":\"ListItem\",\"position\":2,\"name\":\"ZUCKER\"}]},{\"@type\":\"WebSite\",\"@id\":\"https:\\\/\\\/www.detolskeorkester.dk\\\/de\\\/#website\",\"url\":\"https:\\\/\\\/www.detolskeorkester.dk\\\/de\\\/\",\"name\":\"Det Olske Orkester\",\"description\":\"Ud i fors\u00f8get - Ind i kunsten\",\"publisher\":{\"@id\":\"https:\\\/\\\/www.detolskeorkester.dk\\\/de\\\/#organization\"},\"potentialAction\":[{\"@type\":\"SearchAction\",\"target\":{\"@type\":\"EntryPoint\",\"urlTemplate\":\"https:\\\/\\\/www.detolskeorkester.dk\\\/de\\\/?s={search_term_string}\"},\"query-input\":{\"@type\":\"PropertyValueSpecification\",\"valueRequired\":true,\"valueName\":\"search_term_string\"}}],\"inLanguage\":\"de-DE\"},{\"@type\":\"Organization\",\"@id\":\"https:\\\/\\\/www.detolskeorkester.dk\\\/de\\\/#organization\",\"name\":\"Det Olske Orkester\",\"url\":\"https:\\\/\\\/www.detolskeorkester.dk\\\/de\\\/\",\"logo\":{\"@type\":\"ImageObject\",\"inLanguage\":\"de-DE\",\"@id\":\"https:\\\/\\\/www.detolskeorkester.dk\\\/de\\\/#\\\/schema\\\/logo\\\/image\\\/\",\"url\":\"https:\\\/\\\/www.detolskeorkester.dk\\\/wp-content\\\/uploads\\\/2018\\\/08\\\/DOO-BG@220x130-NY-text.png\",\"contentUrl\":\"https:\\\/\\\/www.detolskeorkester.dk\\\/wp-content\\\/uploads\\\/2018\\\/08\\\/DOO-BG@220x130-NY-text.png\",\"width\":220,\"height\":130,\"caption\":\"Det Olske Orkester\"},\"image\":{\"@id\":\"https:\\\/\\\/www.detolskeorkester.dk\\\/de\\\/#\\\/schema\\\/logo\\\/image\\\/\"},\"sameAs\":[\"https:\\\/\\\/www.facebook.com\\\/detolskeorkester\"]},{\"@type\":\"Person\",\"@id\":\"https:\\\/\\\/www.detolskeorkester.dk\\\/de\\\/#\\\/schema\\\/person\\\/c000df2b343d49dcc7159f464d76263e\",\"name\":\"kirchhoff\",\"image\":{\"@type\":\"ImageObject\",\"inLanguage\":\"de-DE\",\"@id\":\"https:\\\/\\\/secure.gravatar.com\\\/avatar\\\/708603bfd3d4f70d734e16e00125fd7e800a6a187be730c0dbb04593e9d73b09?s=96&d=mm&r=g\",\"url\":\"https:\\\/\\\/secure.gravatar.com\\\/avatar\\\/708603bfd3d4f70d734e16e00125fd7e800a6a187be730c0dbb04593e9d73b09?s=96&d=mm&r=g\",\"contentUrl\":\"https:\\\/\\\/secure.gravatar.com\\\/avatar\\\/708603bfd3d4f70d734e16e00125fd7e800a6a187be730c0dbb04593e9d73b09?s=96&d=mm&r=g\",\"caption\":\"kirchhoff\"},\"url\":\"https:\\\/\\\/www.detolskeorkester.dk\\\/de\\\/author\\\/kirchhoff\\\/\"}]}<\/script>\n<!-- \/ Yoast SEO plugin. -->","yoast_head_json":{"title":"ZUCKER - Det Olske Orkester","description":"SUGAR entwirft ein kritisches Bild von D\u00e4nemarks Selbstverst\u00e4ndnis als Sklavennation durch eine dramatische Geschichte in einer poetischen und k\u00f6rperlich ausdrucksstarken Sprache, die von einer Gruppe von sechs Schauspielern und T\u00e4nzern aufgef\u00fchrt wird. Der erste Teil der Trilogie: \u201eDer Selbsthass einer Nation \u2013 D\u00e4nemark zwischen Scham und Selbst\u00fcbersch\u00e4tzung\u201c \u2013 \u00fcber das Selbstverst\u00e4ndnis der D\u00e4nen in den letzten 300 Jahren und wie es unser Verh\u00e4ltnis zur Au\u00dfenwelt gepr\u00e4gt hat.","robots":{"index":"index","follow":"follow","max-snippet":"max-snippet:-1","max-image-preview":"max-image-preview:large","max-video-preview":"max-video-preview:-1"},"canonical":"https:\/\/www.detolskeorkester.dk\/de\/zucker\/","og_locale":"de_DE","og_type":"article","og_title":"ZUCKER - Det Olske Orkester","og_description":"SUGAR entwirft ein kritisches Bild von D\u00e4nemarks Selbstverst\u00e4ndnis als Sklavennation durch eine dramatische Geschichte in einer poetischen und k\u00f6rperlich ausdrucksstarken Sprache, die von einer Gruppe von sechs Schauspielern und T\u00e4nzern aufgef\u00fchrt wird. Der erste Teil der Trilogie: \u201eDer Selbsthass einer Nation \u2013 D\u00e4nemark zwischen Scham und Selbst\u00fcbersch\u00e4tzung\u201c \u2013 \u00fcber das Selbstverst\u00e4ndnis der D\u00e4nen in den letzten 300 Jahren und wie es unser Verh\u00e4ltnis zur Au\u00dfenwelt gepr\u00e4gt hat.","og_url":"https:\/\/www.detolskeorkester.dk\/de\/zucker\/","og_site_name":"Det Olske Orkester","article_publisher":"https:\/\/www.facebook.com\/detolskeorkester","article_published_time":"2022-05-12T20:20:28+00:00","article_modified_time":"2023-01-18T19:40:50+00:00","og_image":[{"width":513,"height":1024,"url":"https:\/\/www.detolskeorkester.dk\/wp-content\/uploads\/2019\/09\/ccc-513x1024.jpg","type":"image\/jpeg"}],"author":"kirchhoff","twitter_card":"summary_large_image","twitter_misc":{"Verfasst von":"kirchhoff","Gesch\u00e4tzte Lesezeit":"4 Minuten"},"schema":{"@context":"https:\/\/schema.org","@graph":[{"@type":"Article","@id":"https:\/\/www.detolskeorkester.dk\/de\/zucker\/#article","isPartOf":{"@id":"https:\/\/www.detolskeorkester.dk\/de\/zucker\/"},"author":{"name":"kirchhoff","@id":"https:\/\/www.detolskeorkester.dk\/de\/#\/schema\/person\/c000df2b343d49dcc7159f464d76263e"},"headline":"ZUCKER","datePublished":"2022-05-12T20:20:28+00:00","dateModified":"2023-01-18T19:40:50+00:00","mainEntityOfPage":{"@id":"https:\/\/www.detolskeorkester.dk\/de\/zucker\/"},"wordCount":833,"publisher":{"@id":"https:\/\/www.detolskeorkester.dk\/de\/#organization"},"image":{"@id":"https:\/\/www.detolskeorkester.dk\/de\/zucker\/#primaryimage"},"thumbnailUrl":"https:\/\/www.detolskeorkester.dk\/wp-content\/uploads\/2019\/09\/ccc.jpg","keywords":["3"],"articleSection":["Die Trilogie Der Selbsthass einer Nation"],"inLanguage":"de-DE"},{"@type":"WebPage","@id":"https:\/\/www.detolskeorkester.dk\/de\/zucker\/","url":"https:\/\/www.detolskeorkester.dk\/de\/zucker\/","name":"ZUCKER - Det Olske Orkester","isPartOf":{"@id":"https:\/\/www.detolskeorkester.dk\/de\/#website"},"primaryImageOfPage":{"@id":"https:\/\/www.detolskeorkester.dk\/de\/zucker\/#primaryimage"},"image":{"@id":"https:\/\/www.detolskeorkester.dk\/de\/zucker\/#primaryimage"},"thumbnailUrl":"https:\/\/www.detolskeorkester.dk\/wp-content\/uploads\/2019\/09\/ccc.jpg","datePublished":"2022-05-12T20:20:28+00:00","dateModified":"2023-01-18T19:40:50+00:00","description":"SUGAR entwirft ein kritisches Bild von D\u00e4nemarks Selbstverst\u00e4ndnis als Sklavennation durch eine dramatische Geschichte in einer poetischen und k\u00f6rperlich ausdrucksstarken Sprache, die von einer Gruppe von sechs Schauspielern und T\u00e4nzern aufgef\u00fchrt wird. Der erste Teil der Trilogie: \u201eDer Selbsthass einer Nation \u2013 D\u00e4nemark zwischen Scham und Selbst\u00fcbersch\u00e4tzung\u201c \u2013 \u00fcber das Selbstverst\u00e4ndnis der D\u00e4nen in den letzten 300 Jahren und wie es unser Verh\u00e4ltnis zur Au\u00dfenwelt gepr\u00e4gt hat.","breadcrumb":{"@id":"https:\/\/www.detolskeorkester.dk\/de\/zucker\/#breadcrumb"},"inLanguage":"de-DE","potentialAction":[{"@type":"ReadAction","target":["https:\/\/www.detolskeorkester.dk\/de\/zucker\/"]}]},{"@type":"ImageObject","inLanguage":"de-DE","@id":"https:\/\/www.detolskeorkester.dk\/de\/zucker\/#primaryimage","url":"https:\/\/www.detolskeorkester.dk\/wp-content\/uploads\/2019\/09\/ccc.jpg","contentUrl":"https:\/\/www.detolskeorkester.dk\/wp-content\/uploads\/2019\/09\/ccc.jpg","width":1184,"height":2365},{"@type":"BreadcrumbList","@id":"https:\/\/www.detolskeorkester.dk\/de\/zucker\/#breadcrumb","itemListElement":[{"@type":"ListItem","position":1,"name":"Hjem","item":"https:\/\/www.detolskeorkester.dk\/de\/herzlich-willkommen\/"},{"@type":"ListItem","position":2,"name":"ZUCKER"}]},{"@type":"WebSite","@id":"https:\/\/www.detolskeorkester.dk\/de\/#website","url":"https:\/\/www.detolskeorkester.dk\/de\/","name":"Det Olske Orkester","description":"Ud i fors\u00f8get - Ind i kunsten","publisher":{"@id":"https:\/\/www.detolskeorkester.dk\/de\/#organization"},"potentialAction":[{"@type":"SearchAction","target":{"@type":"EntryPoint","urlTemplate":"https:\/\/www.detolskeorkester.dk\/de\/?s={search_term_string}"},"query-input":{"@type":"PropertyValueSpecification","valueRequired":true,"valueName":"search_term_string"}}],"inLanguage":"de-DE"},{"@type":"Organization","@id":"https:\/\/www.detolskeorkester.dk\/de\/#organization","name":"Det Olske Orkester","url":"https:\/\/www.detolskeorkester.dk\/de\/","logo":{"@type":"ImageObject","inLanguage":"de-DE","@id":"https:\/\/www.detolskeorkester.dk\/de\/#\/schema\/logo\/image\/","url":"https:\/\/www.detolskeorkester.dk\/wp-content\/uploads\/2018\/08\/DOO-BG@220x130-NY-text.png","contentUrl":"https:\/\/www.detolskeorkester.dk\/wp-content\/uploads\/2018\/08\/DOO-BG@220x130-NY-text.png","width":220,"height":130,"caption":"Det Olske Orkester"},"image":{"@id":"https:\/\/www.detolskeorkester.dk\/de\/#\/schema\/logo\/image\/"},"sameAs":["https:\/\/www.facebook.com\/detolskeorkester"]},{"@type":"Person","@id":"https:\/\/www.detolskeorkester.dk\/de\/#\/schema\/person\/c000df2b343d49dcc7159f464d76263e","name":"kirchhoff","image":{"@type":"ImageObject","inLanguage":"de-DE","@id":"https:\/\/secure.gravatar.com\/avatar\/708603bfd3d4f70d734e16e00125fd7e800a6a187be730c0dbb04593e9d73b09?s=96&d=mm&r=g","url":"https:\/\/secure.gravatar.com\/avatar\/708603bfd3d4f70d734e16e00125fd7e800a6a187be730c0dbb04593e9d73b09?s=96&d=mm&r=g","contentUrl":"https:\/\/secure.gravatar.com\/avatar\/708603bfd3d4f70d734e16e00125fd7e800a6a187be730c0dbb04593e9d73b09?s=96&d=mm&r=g","caption":"kirchhoff"},"url":"https:\/\/www.detolskeorkester.dk\/de\/author\/kirchhoff\/"}]}},"_links":{"self":[{"href":"https:\/\/www.detolskeorkester.dk\/de\/wp-json\/wp\/v2\/posts\/10813","targetHints":{"allow":["GET"]}}],"collection":[{"href":"https:\/\/www.detolskeorkester.dk\/de\/wp-json\/wp\/v2\/posts"}],"about":[{"href":"https:\/\/www.detolskeorkester.dk\/de\/wp-json\/wp\/v2\/types\/post"}],"author":[{"embeddable":true,"href":"https:\/\/www.detolskeorkester.dk\/de\/wp-json\/wp\/v2\/users\/6"}],"replies":[{"embeddable":true,"href":"https:\/\/www.detolskeorkester.dk\/de\/wp-json\/wp\/v2\/comments?post=10813"}],"version-history":[{"count":0,"href":"https:\/\/www.detolskeorkester.dk\/de\/wp-json\/wp\/v2\/posts\/10813\/revisions"}],"wp:featuredmedia":[{"embeddable":true,"href":"https:\/\/www.detolskeorkester.dk\/de\/wp-json\/wp\/v2\/media\/10625"}],"wp:attachment":[{"href":"https:\/\/www.detolskeorkester.dk\/de\/wp-json\/wp\/v2\/media?parent=10813"}],"wp:term":[{"taxonomy":"category","embeddable":true,"href":"https:\/\/www.detolskeorkester.dk\/de\/wp-json\/wp\/v2\/categories?post=10813"},{"taxonomy":"post_tag","embeddable":true,"href":"https:\/\/www.detolskeorkester.dk\/de\/wp-json\/wp\/v2\/tags?post=10813"}],"curies":[{"name":"wp","href":"https:\/\/api.w.org\/{rel}","templated":true}]}}